{"id":2650,"date":"2024-09-04T16:22:44","date_gmt":"2024-09-04T14:22:44","guid":{"rendered":"https:\/\/association-osteo-swiss.ch\/schulung-in-morges-am-21-september-2024\/"},"modified":"2024-09-30T11:36:04","modified_gmt":"2024-09-30T09:36:04","slug":"schulung-in-morges-am-21-september-2024","status":"publish","type":"post","link":"https:\/\/association-osteo-swiss.ch\/de\/schulung-in-morges-am-21-september-2024\/","title":{"rendered":"Schulung in Morges am 21. September 2024"},"content":{"rendered":"\n<figure class=\"wp-block-gallery has-nested-images columns-default is-cropped wp-block-gallery-1 is-layout-flex wp-block-gallery-is-layout-flex\">\n<figure class=\"wp-block-image size-full\"><a href=\"https:\/\/association-osteo-swiss.ch\/wp-content\/uploads\/2024\/09\/Picture-2.png\"><img fetchpriority=\"high\" decoding=\"async\" width=\"301\" height=\"401\" data-id=\"2154\" src=\"https:\/\/association-osteo-swiss.ch\/wp-content\/uploads\/2024\/09\/Picture-2.png\" alt=\"\" class=\"wp-image-2154\" srcset=\"https:\/\/association-osteo-swiss.ch\/wp-content\/uploads\/2024\/09\/Picture-2.png 301w, https:\/\/association-osteo-swiss.ch\/wp-content\/uploads\/2024\/09\/Picture-2-225x300.png 225w\" sizes=\"(max-width: 301px) 100vw, 301px\" \/><\/a><\/figure>\n\n\n\n<figure class=\"wp-block-image size-full\"><a href=\"https:\/\/association-osteo-swiss.ch\/wp-content\/uploads\/2024\/09\/Picture-1.png\"><img decoding=\"async\" width=\"605\" height=\"454\" data-id=\"2155\" src=\"https:\/\/association-osteo-swiss.ch\/wp-content\/uploads\/2024\/09\/Picture-1.png\" alt=\"\" class=\"wp-image-2155\" srcset=\"https:\/\/association-osteo-swiss.ch\/wp-content\/uploads\/2024\/09\/Picture-1.png 605w, https:\/\/association-osteo-swiss.ch\/wp-content\/uploads\/2024\/09\/Picture-1-300x225.png 300w\" sizes=\"(max-width: 605px) 100vw, 605px\" \/><\/a><\/figure>\n<\/figure>\n\n<p>Am Samstag, den 21. September, organisierte Ost\u00e9o-Swiss einen au\u00dfergew\u00f6hnlichen Schulungstag in Morges, der von Dr. Sittarame geleitet wurde und sich mit dem Thema Motivational Interviewing befasste.\nDie Teilnehmer hatten die Gelegenheit, sich mit diesem wichtigen Ansatz vertraut zu machen, der in einem Programm aus Theorie und Praxis vermittelt wurde. <\/p>\n\n<p>An diesem Tag lernten wir den Geist der motivierenden Gespr\u00e4chsf\u00fchrung und ihre wichtigsten Instrumente kennen, mit klaren Erkl\u00e4rungen der wichtigsten Konzepte, gefolgt von mehreren praktischen \u00dcbungen.\nDiese Einf\u00fchrung zeigte die Vorteile, die ein solcher Ansatz in der therapeutischen Beziehung mit sich bringen kann. <\/p>\n\n<p>Bleiben Sie auf dem Laufenden, wir werden Sie in K\u00fcrze \u00fcber bevorstehende Schulungen informieren.<\/p>\n\n<p>Das Ost\u00e9o-Swiss-Team<\/p>\n\n<p><strong>Osteo-<\/strong><strong>Swiss<\/strong><strong> &#8211; Der Verband der Osteopathen in der Schweiz<\/strong><\/p>\n","protected":false},"excerpt":{"rendered":"<p>OSTEO-SWISS startet eine nationale Initiative, um den Zugang zur Osteopathie zu f\u00f6rdern.<br \/>\nNehmen Sie an unseren kostenlosen Workshops in der ganzen Schweiz teil&#8230; <\/p>\n","protected":false},"author":3,"featured_media":2494,"comment_status":"closed","ping_status":"open","sticky":false,"template":"","format":"standard","meta":{"_acf_changed":false,"footnotes":""},"categories":[38],"tags":[],"class_list":["post-2650","post","type-post","status-publish","format-standard","has-post-thumbnail","hentry","category-aktuelles"],"acf":[],"_links":{"self":[{"href":"https:\/\/association-osteo-swiss.ch\/de\/wp-json\/wp\/v2\/posts\/2650","targetHints":{"allow":["GET"]}}],"collection":[{"href":"https:\/\/association-osteo-swiss.ch\/de\/wp-json\/wp\/v2\/posts"}],"about":[{"href":"https:\/\/association-osteo-swiss.ch\/de\/wp-json\/wp\/v2\/types\/post"}],"author":[{"embeddable":true,"href":"https:\/\/association-osteo-swiss.ch\/de\/wp-json\/wp\/v2\/users\/3"}],"replies":[{"embeddable":true,"href":"https:\/\/association-osteo-swiss.ch\/de\/wp-json\/wp\/v2\/comments?post=2650"}],"version-history":[{"count":2,"href":"https:\/\/association-osteo-swiss.ch\/de\/wp-json\/wp\/v2\/posts\/2650\/revisions"}],"predecessor-version":[{"id":2656,"href":"https:\/\/association-osteo-swiss.ch\/de\/wp-json\/wp\/v2\/posts\/2650\/revisions\/2656"}],"wp:featuredmedia":[{"embeddable":true,"href":"https:\/\/association-osteo-swiss.ch\/de\/wp-json\/wp\/v2\/media\/2494"}],"wp:attachment":[{"href":"https:\/\/association-osteo-swiss.ch\/de\/wp-json\/wp\/v2\/media?parent=2650"}],"wp:term":[{"taxonomy":"category","embeddable":true,"href":"https:\/\/association-osteo-swiss.ch\/de\/wp-json\/wp\/v2\/categories?post=2650"},{"taxonomy":"post_tag","embeddable":true,"href":"https:\/\/association-osteo-swiss.ch\/de\/wp-json\/wp\/v2\/tags?post=2650"}],"curies":[{"name":"wp","href":"https:\/\/api.w.org\/{rel}","templated":true}]}}