{"id":3092,"date":"2025-01-14T11:12:37","date_gmt":"2025-01-14T10:12:37","guid":{"rendered":"https:\/\/association-osteo-swiss.ch\/episode-2-1-der-dialog-zwischen-osteo-und-physio-ueber-aktive-und-manuelle-therapie\/"},"modified":"2025-02-25T10:24:53","modified_gmt":"2025-02-25T09:24:53","slug":"episode-2-1-der-dialog-zwischen-osteo-und-physio-ueber-aktive-und-manuelle-therapie","status":"publish","type":"post","link":"https:\/\/association-osteo-swiss.ch\/de\/episode-2-1-der-dialog-zwischen-osteo-und-physio-ueber-aktive-und-manuelle-therapie\/","title":{"rendered":"Episode 2.1: Der Dialog zwischen Osteo und Physio \u00fcber aktive und manuelle Therapie"},"content":{"rendered":"\n<iframe name=\"Ausha Podcast Player\" frameborder=\"0\" loading=\"lazy\" id=\"ausha-yYaA\" height=\"220\" style=\"border: none; width:100%; height:220px\" src=\"https:\/\/player.ausha.co\/?showId=rXYpwF07pllO&#038;color=%23751CBF&#038;podcastId=q9512sP7lexP&#038;v=3&#038;playerId=ausha-yYaA\"><\/iframe><script src=\"https:\/\/player.ausha.co\/ausha-player.js\"><\/script>\n\n\n<p><\/p>\n","protected":false},"excerpt":{"rendered":"<p>In diesem ersten Teil unserer zweiten Episode trafen No\u00e9mie Irigoyen und ich Iain und Fabrice, zwei begeisterte Genfer Physiotherapeuten. Gemeinsam erforschten wir zwei wesentliche Pfeiler der Pflegepraxis: die aktive Therapie und die manuelle Therapie. <\/p>\n<p>Im Verlauf dieser reichhaltigen und interaktiven Diskussion er\u00f6rterten wir ihre Komplementarit\u00e4t, ihre Besonderheiten und ihre Rolle bei der Unterst\u00fctzung der Patienten auf dem Weg zu einer besseren Gesundheit.<\/p>\n<p>Diese Episode, die als Austausch zwischen Fachleuten gedacht ist, l\u00e4dt Sie ein, konkrete Perspektiven auf diese Ans\u00e4tze und ihren Platz in der Rehabilitation und Pr\u00e4vention zu entdecken. Viel Spa\u00df beim H\u00f6ren! \ud83c\udfa7<\/p>\n","protected":false},"author":5,"featured_media":2759,"comment_status":"closed","ping_status":"open","sticky":false,"template":"","format":"standard","meta":{"_acf_changed":false,"footnotes":""},"categories":[59],"tags":[62],"class_list":["post-3092","post","type-post","status-publish","format-standard","has-post-thumbnail","hentry","category-podcast-de","tag-ihre-besonderheiten"],"acf":[],"_links":{"self":[{"href":"https:\/\/association-osteo-swiss.ch\/de\/wp-json\/wp\/v2\/posts\/3092","targetHints":{"allow":["GET"]}}],"collection":[{"href":"https:\/\/association-osteo-swiss.ch\/de\/wp-json\/wp\/v2\/posts"}],"about":[{"href":"https:\/\/association-osteo-swiss.ch\/de\/wp-json\/wp\/v2\/types\/post"}],"author":[{"embeddable":true,"href":"https:\/\/association-osteo-swiss.ch\/de\/wp-json\/wp\/v2\/users\/5"}],"replies":[{"embeddable":true,"href":"https:\/\/association-osteo-swiss.ch\/de\/wp-json\/wp\/v2\/comments?post=3092"}],"version-history":[{"count":2,"href":"https:\/\/association-osteo-swiss.ch\/de\/wp-json\/wp\/v2\/posts\/3092\/revisions"}],"predecessor-version":[{"id":3097,"href":"https:\/\/association-osteo-swiss.ch\/de\/wp-json\/wp\/v2\/posts\/3092\/revisions\/3097"}],"wp:featuredmedia":[{"embeddable":true,"href":"https:\/\/association-osteo-swiss.ch\/de\/wp-json\/wp\/v2\/media\/2759"}],"wp:attachment":[{"href":"https:\/\/association-osteo-swiss.ch\/de\/wp-json\/wp\/v2\/media?parent=3092"}],"wp:term":[{"taxonomy":"category","embeddable":true,"href":"https:\/\/association-osteo-swiss.ch\/de\/wp-json\/wp\/v2\/categories?post=3092"},{"taxonomy":"post_tag","embeddable":true,"href":"https:\/\/association-osteo-swiss.ch\/de\/wp-json\/wp\/v2\/tags?post=3092"}],"curies":[{"name":"wp","href":"https:\/\/api.w.org\/{rel}","templated":true}]}}