{"id":3104,"date":"2024-12-16T11:59:16","date_gmt":"2024-12-16T10:59:16","guid":{"rendered":"https:\/\/association-osteo-swiss.ch\/gekreuzte-blicke-osteopathie-aus-der-sicht-eines-arztes\/"},"modified":"2025-02-25T10:24:53","modified_gmt":"2025-02-25T09:24:53","slug":"gekreuzte-blicke-osteopathie-aus-der-sicht-eines-arztes","status":"publish","type":"post","link":"https:\/\/association-osteo-swiss.ch\/de\/gekreuzte-blicke-osteopathie-aus-der-sicht-eines-arztes\/","title":{"rendered":"Gekreuzte Blicke : Osteopathie aus der Sicht eines Arztes"},"content":{"rendered":"\n<iframe name=\"Ausha Podcast Player\" frameborder=\"0\" loading=\"lazy\" id=\"ausha-XplB\" height=\"220\" style=\"border: none; width:100%; height:220px\" src=\"https:\/\/player.ausha.co\/?showId=rXYpwF07pllO&#038;color=%23751CBF&#038;podcastId=gka2rhDzw0wM&#038;v=3&#038;playerId=ausha-XplB\"><\/iframe><script src=\"https:\/\/player.ausha.co\/ausha-player.js\"><\/script>\n\n<p><\/p>\n","protected":false},"excerpt":{"rendered":"<p>Wir hatten die Gelegenheit, mit Dr. D\u00e9maret Marc-Antoine (HUG) zu sprechen.<br \/>\nIn diesem Podcast erl\u00e4utert der Arzt seine Sicht und sein Bild von der Osteopathie und gibt uns einige Ratschl\u00e4ge f\u00fcr eine gute Zusammenarbeit.<\/p>\n","protected":false},"author":5,"featured_media":2759,"comment_status":"closed","ping_status":"open","sticky":false,"template":"","format":"standard","meta":{"_acf_changed":false,"footnotes":""},"categories":[59],"tags":[],"class_list":["post-3104","post","type-post","status-publish","format-standard","has-post-thumbnail","hentry","category-podcast-de"],"acf":[],"_links":{"self":[{"href":"https:\/\/association-osteo-swiss.ch\/de\/wp-json\/wp\/v2\/posts\/3104","targetHints":{"allow":["GET"]}}],"collection":[{"href":"https:\/\/association-osteo-swiss.ch\/de\/wp-json\/wp\/v2\/posts"}],"about":[{"href":"https:\/\/association-osteo-swiss.ch\/de\/wp-json\/wp\/v2\/types\/post"}],"author":[{"embeddable":true,"href":"https:\/\/association-osteo-swiss.ch\/de\/wp-json\/wp\/v2\/users\/5"}],"replies":[{"embeddable":true,"href":"https:\/\/association-osteo-swiss.ch\/de\/wp-json\/wp\/v2\/comments?post=3104"}],"version-history":[{"count":2,"href":"https:\/\/association-osteo-swiss.ch\/de\/wp-json\/wp\/v2\/posts\/3104\/revisions"}],"predecessor-version":[{"id":3108,"href":"https:\/\/association-osteo-swiss.ch\/de\/wp-json\/wp\/v2\/posts\/3104\/revisions\/3108"}],"wp:featuredmedia":[{"embeddable":true,"href":"https:\/\/association-osteo-swiss.ch\/de\/wp-json\/wp\/v2\/media\/2759"}],"wp:attachment":[{"href":"https:\/\/association-osteo-swiss.ch\/de\/wp-json\/wp\/v2\/media?parent=3104"}],"wp:term":[{"taxonomy":"category","embeddable":true,"href":"https:\/\/association-osteo-swiss.ch\/de\/wp-json\/wp\/v2\/categories?post=3104"},{"taxonomy":"post_tag","embeddable":true,"href":"https:\/\/association-osteo-swiss.ch\/de\/wp-json\/wp\/v2\/tags?post=3104"}],"curies":[{"name":"wp","href":"https:\/\/api.w.org\/{rel}","templated":true}]}}