{"id":3572,"date":"2025-10-11T16:21:44","date_gmt":"2025-10-11T14:21:44","guid":{"rendered":"https:\/\/association-osteo-swiss.ch\/osteo-swiss-auf-dem-weg-von-murten-nach-freiburg\/"},"modified":"2025-10-11T16:24:54","modified_gmt":"2025-10-11T14:24:54","slug":"osteo-swiss-auf-dem-weg-von-murten-nach-freiburg","status":"publish","type":"post","link":"https:\/\/association-osteo-swiss.ch\/de\/osteo-swiss-auf-dem-weg-von-murten-nach-freiburg\/","title":{"rendered":"Ost\u00e9o-Swiss auf dem Weg von Murten nach Freiburg"},"content":{"rendered":"\n<p>Es gibt Rennen, die \u00fcber die Leistung hinausgehen und zu einem Erlebnis werden. Murten-Freiburg geh\u00f6rt dazu. Am 5. Oktober starteten Studenten der Heds und Mitglieder von Osteo-Swiss zu diesem legend\u00e4ren Lauf, um sich mit Tausenden von anderen L\u00e4ufern zu vereinen.  <\/p>\n\n<p>Unter einem teils hellen, teils bew\u00f6lkten Himmel fand jeder seinen eigenen Rhythmus: den des kontrollierten Atems, des angepassten Schritts und der gemeinsamen Anstrengung.  <\/p>\n\n<p>Alle sind angekommen! Es gab keine Verletzten, nur ein paar aufgeweckte Muskeln und ein ehrliches L\u00e4cheln. Nach der Ziellinie verl\u00e4ngerte das Team diesen Moment des Zusammenhalts bei einem von ADEO spendierten Getr\u00e4nk vor den neuen R\u00e4umlichkeiten in Freiburg (Soma\/Cortex).    <\/p>\n\n<p>Diese Veranstaltung war mehr als eine sportliche Herausforderung, sie war eine Feier des gemeinsamen Engagements. Vielen Dank an alle, die die Farben von Ost\u00e9o-Swiss mit Energie und Eleganz getragen haben. <\/p>\n\n<p><strong>Wir sehen uns 2026: derselbe Geist, dieselben Werte, dasselbe Vergn\u00fcgen <\/strong>!!!!  <\/p>\n\n<figure class=\"wp-block-gallery has-nested-images columns-default is-cropped wp-block-gallery-1 is-layout-flex wp-block-gallery-is-layout-flex\">\n<figure class=\"wp-block-image size-large\"><a href=\"https:\/\/association-osteo-swiss.ch\/wp-content\/uploads\/2025\/10\/e70d0065-bb8c-4952-a73d-2ae11549fceb.jpg\"><img fetchpriority=\"high\" decoding=\"async\" width=\"768\" height=\"1024\" data-id=\"3539\" src=\"https:\/\/association-osteo-swiss.ch\/wp-content\/uploads\/2025\/10\/e70d0065-bb8c-4952-a73d-2ae11549fceb-768x1024.jpg\" alt=\"\" class=\"wp-image-3539\" srcset=\"https:\/\/association-osteo-swiss.ch\/wp-content\/uploads\/2025\/10\/e70d0065-bb8c-4952-a73d-2ae11549fceb-768x1024.jpg 768w, https:\/\/association-osteo-swiss.ch\/wp-content\/uploads\/2025\/10\/e70d0065-bb8c-4952-a73d-2ae11549fceb-225x300.jpg 225w, https:\/\/association-osteo-swiss.ch\/wp-content\/uploads\/2025\/10\/e70d0065-bb8c-4952-a73d-2ae11549fceb-1152x1536.jpg 1152w, https:\/\/association-osteo-swiss.ch\/wp-content\/uploads\/2025\/10\/e70d0065-bb8c-4952-a73d-2ae11549fceb.jpg 1536w\" sizes=\"(max-width: 768px) 100vw, 768px\" \/><\/a><\/figure>\n\n\n\n<figure class=\"wp-block-image size-large\"><a href=\"https:\/\/association-osteo-swiss.ch\/wp-content\/uploads\/2025\/10\/809dec5e-4469-4351-848c-00cfcb145929-scaled.jpg\"><img decoding=\"async\" width=\"768\" height=\"1024\" data-id=\"3548\" src=\"https:\/\/association-osteo-swiss.ch\/wp-content\/uploads\/2025\/10\/809dec5e-4469-4351-848c-00cfcb145929-768x1024.jpg\" alt=\"\" class=\"wp-image-3548\" srcset=\"https:\/\/association-osteo-swiss.ch\/wp-content\/uploads\/2025\/10\/809dec5e-4469-4351-848c-00cfcb145929-768x1024.jpg 768w, https:\/\/association-osteo-swiss.ch\/wp-content\/uploads\/2025\/10\/809dec5e-4469-4351-848c-00cfcb145929-225x300.jpg 225w, https:\/\/association-osteo-swiss.ch\/wp-content\/uploads\/2025\/10\/809dec5e-4469-4351-848c-00cfcb145929-1152x1536.jpg 1152w, https:\/\/association-osteo-swiss.ch\/wp-content\/uploads\/2025\/10\/809dec5e-4469-4351-848c-00cfcb145929-1536x2048.jpg 1536w, https:\/\/association-osteo-swiss.ch\/wp-content\/uploads\/2025\/10\/809dec5e-4469-4351-848c-00cfcb145929-scaled.jpg 1920w\" sizes=\"(max-width: 768px) 100vw, 768px\" \/><\/a><\/figure>\n\n\n\n<figure class=\"wp-block-image size-large\"><a href=\"https:\/\/association-osteo-swiss.ch\/wp-content\/uploads\/2025\/10\/IMG_9846-scaled.jpg\"><img decoding=\"async\" width=\"768\" height=\"1024\" data-id=\"3542\" src=\"https:\/\/association-osteo-swiss.ch\/wp-content\/uploads\/2025\/10\/IMG_9846-768x1024.jpg\" alt=\"\" class=\"wp-image-3542\" srcset=\"https:\/\/association-osteo-swiss.ch\/wp-content\/uploads\/2025\/10\/IMG_9846-768x1024.jpg 768w, https:\/\/association-osteo-swiss.ch\/wp-content\/uploads\/2025\/10\/IMG_9846-225x300.jpg 225w, https:\/\/association-osteo-swiss.ch\/wp-content\/uploads\/2025\/10\/IMG_9846-1152x1536.jpg 1152w, https:\/\/association-osteo-swiss.ch\/wp-content\/uploads\/2025\/10\/IMG_9846-1536x2048.jpg 1536w, https:\/\/association-osteo-swiss.ch\/wp-content\/uploads\/2025\/10\/IMG_9846-scaled.jpg 1920w\" sizes=\"(max-width: 768px) 100vw, 768px\" \/><\/a><\/figure>\n\n\n\n<figure class=\"wp-block-image size-large\"><a href=\"https:\/\/association-osteo-swiss.ch\/wp-content\/uploads\/2025\/10\/IMG_9843.jpg\"><img loading=\"lazy\" decoding=\"async\" width=\"830\" height=\"1024\" data-id=\"3545\" src=\"https:\/\/association-osteo-swiss.ch\/wp-content\/uploads\/2025\/10\/IMG_9843-830x1024.jpg\" alt=\"\" class=\"wp-image-3545\" srcset=\"https:\/\/association-osteo-swiss.ch\/wp-content\/uploads\/2025\/10\/IMG_9843-830x1024.jpg 830w, https:\/\/association-osteo-swiss.ch\/wp-content\/uploads\/2025\/10\/IMG_9843-243x300.jpg 243w, https:\/\/association-osteo-swiss.ch\/wp-content\/uploads\/2025\/10\/IMG_9843-768x947.jpg 768w, https:\/\/association-osteo-swiss.ch\/wp-content\/uploads\/2025\/10\/IMG_9843.jpg 1179w\" sizes=\"(max-width: 830px) 100vw, 830px\" \/><\/a><figcaption class=\"wp-element-caption\">Screenshot<\/figcaption><\/figure>\n\n\n\n<figure class=\"wp-block-image size-large\"><a href=\"https:\/\/association-osteo-swiss.ch\/wp-content\/uploads\/2025\/10\/IMG_9845-scaled.jpg\"><img loading=\"lazy\" decoding=\"async\" width=\"768\" height=\"1024\" data-id=\"3551\" src=\"https:\/\/association-osteo-swiss.ch\/wp-content\/uploads\/2025\/10\/IMG_9845-768x1024.jpg\" alt=\"\" class=\"wp-image-3551\" srcset=\"https:\/\/association-osteo-swiss.ch\/wp-content\/uploads\/2025\/10\/IMG_9845-768x1024.jpg 768w, https:\/\/association-osteo-swiss.ch\/wp-content\/uploads\/2025\/10\/IMG_9845-225x300.jpg 225w, https:\/\/association-osteo-swiss.ch\/wp-content\/uploads\/2025\/10\/IMG_9845-1152x1536.jpg 1152w, https:\/\/association-osteo-swiss.ch\/wp-content\/uploads\/2025\/10\/IMG_9845-1536x2048.jpg 1536w, https:\/\/association-osteo-swiss.ch\/wp-content\/uploads\/2025\/10\/IMG_9845-scaled.jpg 1920w\" sizes=\"(max-width: 768px) 100vw, 768px\" \/><\/a><\/figure>\n\n\n\n<figure class=\"wp-block-image size-large\"><a href=\"https:\/\/association-osteo-swiss.ch\/wp-content\/uploads\/2025\/10\/0beb3152-aa2f-4244-a726-8e9969bbeccd.jpg\"><img loading=\"lazy\" decoding=\"async\" width=\"1024\" height=\"768\" data-id=\"3554\" src=\"https:\/\/association-osteo-swiss.ch\/wp-content\/uploads\/2025\/10\/0beb3152-aa2f-4244-a726-8e9969bbeccd-1024x768.jpg\" alt=\"\" class=\"wp-image-3554\" srcset=\"https:\/\/association-osteo-swiss.ch\/wp-content\/uploads\/2025\/10\/0beb3152-aa2f-4244-a726-8e9969bbeccd-1024x768.jpg 1024w, https:\/\/association-osteo-swiss.ch\/wp-content\/uploads\/2025\/10\/0beb3152-aa2f-4244-a726-8e9969bbeccd-300x225.jpg 300w, https:\/\/association-osteo-swiss.ch\/wp-content\/uploads\/2025\/10\/0beb3152-aa2f-4244-a726-8e9969bbeccd-768x576.jpg 768w, https:\/\/association-osteo-swiss.ch\/wp-content\/uploads\/2025\/10\/0beb3152-aa2f-4244-a726-8e9969bbeccd-1536x1152.jpg 1536w, https:\/\/association-osteo-swiss.ch\/wp-content\/uploads\/2025\/10\/0beb3152-aa2f-4244-a726-8e9969bbeccd.jpg 2048w\" sizes=\"(max-width: 1024px) 100vw, 1024px\" \/><\/a><\/figure>\n\n\n\n<figure class=\"wp-block-image size-large\"><a href=\"https:\/\/association-osteo-swiss.ch\/wp-content\/uploads\/2025\/10\/4d01ac6d-5ecb-4121-8feb-e117dd209542.jpg\"><img loading=\"lazy\" decoding=\"async\" width=\"1024\" height=\"576\" data-id=\"3557\" src=\"https:\/\/association-osteo-swiss.ch\/wp-content\/uploads\/2025\/10\/4d01ac6d-5ecb-4121-8feb-e117dd209542-1024x576.jpg\" alt=\"\" class=\"wp-image-3557\" srcset=\"https:\/\/association-osteo-swiss.ch\/wp-content\/uploads\/2025\/10\/4d01ac6d-5ecb-4121-8feb-e117dd209542-1024x576.jpg 1024w, https:\/\/association-osteo-swiss.ch\/wp-content\/uploads\/2025\/10\/4d01ac6d-5ecb-4121-8feb-e117dd209542-300x169.jpg 300w, https:\/\/association-osteo-swiss.ch\/wp-content\/uploads\/2025\/10\/4d01ac6d-5ecb-4121-8feb-e117dd209542-768x432.jpg 768w, https:\/\/association-osteo-swiss.ch\/wp-content\/uploads\/2025\/10\/4d01ac6d-5ecb-4121-8feb-e117dd209542-1536x864.jpg 1536w, https:\/\/association-osteo-swiss.ch\/wp-content\/uploads\/2025\/10\/4d01ac6d-5ecb-4121-8feb-e117dd209542.jpg 2048w\" sizes=\"(max-width: 1024px) 100vw, 1024px\" \/><\/a><\/figure>\n\n\n\n<figure class=\"wp-block-image size-large\"><a href=\"https:\/\/association-osteo-swiss.ch\/wp-content\/uploads\/2025\/10\/C58B012B-6265-47E8-99AF-947CCA5D1A01-scaled.jpg\"><img loading=\"lazy\" decoding=\"async\" width=\"576\" height=\"1024\" data-id=\"3560\" src=\"https:\/\/association-osteo-swiss.ch\/wp-content\/uploads\/2025\/10\/C58B012B-6265-47E8-99AF-947CCA5D1A01-576x1024.jpg\" alt=\"\" class=\"wp-image-3560\" srcset=\"https:\/\/association-osteo-swiss.ch\/wp-content\/uploads\/2025\/10\/C58B012B-6265-47E8-99AF-947CCA5D1A01-576x1024.jpg 576w, https:\/\/association-osteo-swiss.ch\/wp-content\/uploads\/2025\/10\/C58B012B-6265-47E8-99AF-947CCA5D1A01-169x300.jpg 169w, https:\/\/association-osteo-swiss.ch\/wp-content\/uploads\/2025\/10\/C58B012B-6265-47E8-99AF-947CCA5D1A01-768x1365.jpg 768w, https:\/\/association-osteo-swiss.ch\/wp-content\/uploads\/2025\/10\/C58B012B-6265-47E8-99AF-947CCA5D1A01-864x1536.jpg 864w, https:\/\/association-osteo-swiss.ch\/wp-content\/uploads\/2025\/10\/C58B012B-6265-47E8-99AF-947CCA5D1A01-1152x2048.jpg 1152w, https:\/\/association-osteo-swiss.ch\/wp-content\/uploads\/2025\/10\/C58B012B-6265-47E8-99AF-947CCA5D1A01-scaled.jpg 1440w\" sizes=\"(max-width: 576px) 100vw, 576px\" \/><\/a><\/figure>\n\n\n\n<figure class=\"wp-block-image size-large\"><a href=\"https:\/\/association-osteo-swiss.ch\/wp-content\/uploads\/2025\/10\/IMG_9851-scaled.jpg\"><img loading=\"lazy\" decoding=\"async\" width=\"768\" height=\"1024\" data-id=\"3563\" src=\"https:\/\/association-osteo-swiss.ch\/wp-content\/uploads\/2025\/10\/IMG_9851-768x1024.jpg\" alt=\"\" class=\"wp-image-3563\" srcset=\"https:\/\/association-osteo-swiss.ch\/wp-content\/uploads\/2025\/10\/IMG_9851-768x1024.jpg 768w, https:\/\/association-osteo-swiss.ch\/wp-content\/uploads\/2025\/10\/IMG_9851-225x300.jpg 225w, https:\/\/association-osteo-swiss.ch\/wp-content\/uploads\/2025\/10\/IMG_9851-1152x1536.jpg 1152w, https:\/\/association-osteo-swiss.ch\/wp-content\/uploads\/2025\/10\/IMG_9851-1536x2048.jpg 1536w, https:\/\/association-osteo-swiss.ch\/wp-content\/uploads\/2025\/10\/IMG_9851-scaled.jpg 1920w\" sizes=\"(max-width: 768px) 100vw, 768px\" \/><\/a><\/figure>\n<\/figure>\n","protected":false},"excerpt":{"rendered":"<p>Es gibt Rennen, die \u00fcber die Leistung hinausgehen und zu einem Erlebnis werden. Murten-Freiburg geh\u00f6rt dazu. Am 5. Oktober starteten Heds-Studenten und Mitglieder von Osteo-Swiss zu diesem legend\u00e4ren Lauf und vereinten ihre Schritte mit denen Tausender anderer L\u00e4ufer.  <\/p>\n","protected":false},"author":5,"featured_media":3576,"comment_status":"closed","ping_status":"open","sticky":false,"template":"","format":"standard","meta":{"_acf_changed":false,"footnotes":""},"categories":[38],"tags":[],"class_list":["post-3572","post","type-post","status-publish","format-standard","has-post-thumbnail","hentry","category-aktuelles"],"acf":[],"_links":{"self":[{"href":"https:\/\/association-osteo-swiss.ch\/de\/wp-json\/wp\/v2\/posts\/3572","targetHints":{"allow":["GET"]}}],"collection":[{"href":"https:\/\/association-osteo-swiss.ch\/de\/wp-json\/wp\/v2\/posts"}],"about":[{"href":"https:\/\/association-osteo-swiss.ch\/de\/wp-json\/wp\/v2\/types\/post"}],"author":[{"embeddable":true,"href":"https:\/\/association-osteo-swiss.ch\/de\/wp-json\/wp\/v2\/users\/5"}],"replies":[{"embeddable":true,"href":"https:\/\/association-osteo-swiss.ch\/de\/wp-json\/wp\/v2\/comments?post=3572"}],"version-history":[{"count":1,"href":"https:\/\/association-osteo-swiss.ch\/de\/wp-json\/wp\/v2\/posts\/3572\/revisions"}],"predecessor-version":[{"id":3573,"href":"https:\/\/association-osteo-swiss.ch\/de\/wp-json\/wp\/v2\/posts\/3572\/revisions\/3573"}],"wp:featuredmedia":[{"embeddable":true,"href":"https:\/\/association-osteo-swiss.ch\/de\/wp-json\/wp\/v2\/media\/3576"}],"wp:attachment":[{"href":"https:\/\/association-osteo-swiss.ch\/de\/wp-json\/wp\/v2\/media?parent=3572"}],"wp:term":[{"taxonomy":"category","embeddable":true,"href":"https:\/\/association-osteo-swiss.ch\/de\/wp-json\/wp\/v2\/categories?post=3572"},{"taxonomy":"post_tag","embeddable":true,"href":"https:\/\/association-osteo-swiss.ch\/de\/wp-json\/wp\/v2\/tags?post=3572"}],"curies":[{"name":"wp","href":"https:\/\/api.w.org\/{rel}","templated":true}]}}