{"id":3688,"date":"2026-02-06T07:47:24","date_gmt":"2026-02-06T06:47:24","guid":{"rendered":"https:\/\/association-osteo-swiss.ch\/zusatzversicherungen-patienten-als-geiseln-genommen\/"},"modified":"2026-02-06T07:48:33","modified_gmt":"2026-02-06T06:48:33","slug":"zusatzversicherungen-patienten-als-geiseln-genommen","status":"publish","type":"post","link":"https:\/\/association-osteo-swiss.ch\/de\/zusatzversicherungen-patienten-als-geiseln-genommen\/","title":{"rendered":"Zusatzversicherungen: Patienten als Geiseln genommen"},"content":{"rendered":"\n<p><a href=\"https:\/\/www.rts.ch\/info\/sante\/2026\/article\/assurances-complementaires-remboursements-refuses-patients-en-colere-29138237.html\" target=\"_blank\" rel=\"noopener noreferrer nofollow\">https:\/\/www.rts.ch\/info\/sante\/2026\/article\/assurances-complementaires-remboursements-refuses-patients-en-colere-29138237.html<\/a><\/p>\n\n<p><strong>Der Konflikt:<\/strong> Zwischen <strong>7 Krankenkassen<\/strong> (einschlie\u00dflich CSS, Helsana und Sanitas) und <strong>\u00c4rzten in Privatkliniken<\/strong> (haupts\u00e4chlich in Genf und Waadt) besteht ein Streit.<\/p>\n\n<p><strong>Das Problem:<\/strong> Die Versicherer weigern sich nun, Rechnungen, die unter die Zusatzversicherung fallen, ganz oder teilweise zu erstatten.<\/p>\n\n<p><strong>Die Ursachen :<\/strong><\/p>\n\n<ul class=\"wp-block-list\">\n<li><strong>Die Versicherer<\/strong> fordern den Beitritt zu einem neuen Tarifmodell (das nach Ansicht der FINMA transparenter ist), um \u00fcberh\u00f6hte Rechnungen zu vermeiden.<\/li>\n\n\n\n<li><strong>Die \u00c4rzte<\/strong> weigerten sich zu unterzeichnen und klagten \u00fcber einen Angriff auf ihre Unabh\u00e4ngigkeit und eine massive Senkung ihrer Tarife (bis zu -40%).<\/li>\n<\/ul>\n\n<p><strong>Die Folgen:<\/strong> Hunderte von Patienten sind <strong>&#8222;in Geiselhaft&#8220; genommen<\/strong>. Sie m\u00fcssen entweder sehr hohe Rechnungen aus eigener Tasche bezahlen oder dringend den Arzt wechseln, manchmal mitten in einer kritischen Behandlung (wie bei Krebs). Die Genfer Beh\u00f6rden bezeichneten die Situation als &#8222;erb\u00e4rmlich&#8220; und bem\u00fchten sich um einen Dialog.  <\/p>\n","protected":false},"excerpt":{"rendered":"<p>Der Konflikt: Zwischen 7 Krankenkassen (einschlie\u00dflich CSS, Helsana und Sanitas) und \u00c4rzten in Privatkliniken (haupts\u00e4chlich in Genf und Waadt) besteht ein Streit.<\/p>\n","protected":false},"author":5,"featured_media":3689,"comment_status":"closed","ping_status":"open","sticky":false,"template":"","format":"standard","meta":{"_acf_changed":false,"footnotes":""},"categories":[38],"tags":[],"class_list":["post-3688","post","type-post","status-publish","format-standard","has-post-thumbnail","hentry","category-aktuelles"],"acf":[],"_links":{"self":[{"href":"https:\/\/association-osteo-swiss.ch\/de\/wp-json\/wp\/v2\/posts\/3688","targetHints":{"allow":["GET"]}}],"collection":[{"href":"https:\/\/association-osteo-swiss.ch\/de\/wp-json\/wp\/v2\/posts"}],"about":[{"href":"https:\/\/association-osteo-swiss.ch\/de\/wp-json\/wp\/v2\/types\/post"}],"author":[{"embeddable":true,"href":"https:\/\/association-osteo-swiss.ch\/de\/wp-json\/wp\/v2\/users\/5"}],"replies":[{"embeddable":true,"href":"https:\/\/association-osteo-swiss.ch\/de\/wp-json\/wp\/v2\/comments?post=3688"}],"version-history":[{"count":2,"href":"https:\/\/association-osteo-swiss.ch\/de\/wp-json\/wp\/v2\/posts\/3688\/revisions"}],"predecessor-version":[{"id":3693,"href":"https:\/\/association-osteo-swiss.ch\/de\/wp-json\/wp\/v2\/posts\/3688\/revisions\/3693"}],"wp:featuredmedia":[{"embeddable":true,"href":"https:\/\/association-osteo-swiss.ch\/de\/wp-json\/wp\/v2\/media\/3689"}],"wp:attachment":[{"href":"https:\/\/association-osteo-swiss.ch\/de\/wp-json\/wp\/v2\/media?parent=3688"}],"wp:term":[{"taxonomy":"category","embeddable":true,"href":"https:\/\/association-osteo-swiss.ch\/de\/wp-json\/wp\/v2\/categories?post=3688"},{"taxonomy":"post_tag","embeddable":true,"href":"https:\/\/association-osteo-swiss.ch\/de\/wp-json\/wp\/v2\/tags?post=3688"}],"curies":[{"name":"wp","href":"https:\/\/api.w.org\/{rel}","templated":true}]}}